{"id":1815982,"date":"2026-09-04T17:33:39","date_gmt":"2026-09-04T15:33:39","guid":{"rendered":"https:\/\/lexpress-franchise.com\/fr-be\/actualites\/amazon-business-belgique-antenne-bruxelles\/"},"modified":"2026-09-04T17:15:06","modified_gmt":"2026-09-04T15:15:06","slug":"amazon-business-belgique-antenne-bruxelles","status":"publish","type":"post","link":"https:\/\/lexpress-franchise.com\/fr-be\/actualites\/amazon-business-belgique-antenne-bruxelles\/","title":{"rendered":"Amazon Business s&#8217;installe \u00e0 Bruxelles et cible les acheteurs professionnels belges"},"content":{"rendered":"\n<p class=\"wp-block-paragraph\"><strong>La marketplace professionnelle <em>Amazon Business<\/em> arrive en Belgique. Le groupe am\u00e9ricain vient d&#8217;installer \u00e0 Bruxelles une antenne officielle d\u00e9di\u00e9e \u00e0 ses clients professionnels, alors que son offre B2B \u00e9tait d\u00e9j\u00e0 active dans onze pays. Un canal d&#8217;achat de plus pour les exploitants sous enseigne.<\/strong><\/p>\n\n\n\n<hr class=\"wp-block-separator has-alpha-channel-opacity is-style-dots\"\/>\n\n\n\n<p class=\"wp-block-paragraph\"><strong>Amazon<\/strong> vient d&#8217;implanter \u00e0 <strong>Bruxelles<\/strong> une antenne officielle destin\u00e9e \u00e0 fournir des clients professionnels, rapporte jeudi le magazine belge du retail et des biens de grande consommation Gondola. La marketplace B2B du groupe, <strong>Amazon Business<\/strong>, op\u00e9rait jusqu&#8217;ici dans <strong>onze pays<\/strong> sans disposer de plateforme d\u00e9di\u00e9e au march\u00e9 belge. L&#8217;arriv\u00e9e referme un d\u00e9calage qui durait depuis des ann\u00e9es entre l&#8217;offre grand public d&#8217;Amazon en Belgique et son offre professionnelle.<\/p>\n\n\n\n<h2 class=\"wp-block-heading has-primary-color has-text-color has-link-color wp-elements-1\">Onze pays servis, la Belgique rest\u00e9e sans plateforme d\u00e9di\u00e9e<\/h2>\n\n\n\n<p class=\"wp-block-paragraph\">Le retard belge n&#8217;\u00e9tait pas anodin. Une entreprise belge qui voulait acheter via <strong>Amazon Business<\/strong> passait par une boutique \u00e9trang\u00e8re, avec les frictions habituelles : facturation, langue de l&#8217;interface, d\u00e9lais et conditions de retour calibr\u00e9s pour un autre march\u00e9.<\/p>\n\n\n\n<p class=\"wp-block-paragraph\">L&#8217;installation d&#8217;une antenne \u00e0 Bruxelles change ce point de d\u00e9part. Elle donne au groupe un interlocuteur local pour d\u00e9marcher les acheteurs professionnels, un travail de terrain que la seule pr\u00e9sence en ligne ne remplace pas quand il s&#8217;agit de contrats-cadres et de volumes r\u00e9currents.<\/p>\n\n\n\n<h2 class=\"wp-block-heading has-primary-color has-text-color has-link-color wp-elements-2\">Deux volets distincts, acheter et vendre<\/h2>\n\n\n\n<p class=\"wp-block-paragraph\">La confusion est facile, elle vaut d&#8217;\u00eatre lev\u00e9e. <strong>Amazon Business<\/strong> est le volet achat : il s&#8217;adresse aux entreprises et aux organisations qui s&#8217;approvisionnent. Le volet vente, lui, existe d\u00e9j\u00e0 en Belgique \u00e0 travers la boutique <strong>amazon.com.be<\/strong>, qui accueille des vendeurs tiers.<\/p>\n\n\n\n<p class=\"wp-block-paragraph\">Sur ce second volet, le tarif est public : un compte de vente professionnel co\u00fbte <strong>39 euros HTVA<\/strong> par mois, auxquels s&#8217;ajoutent les frais de vente pr\u00e9lev\u00e9s sur chaque transaction. Un exploitant sous enseigne peut donc \u00eatre concern\u00e9 des deux c\u00f4t\u00e9s, comme acheteur pour ses consommables et comme vendeur pour \u00e9couler un stock ou une gamme propre, \u00e0 condition que son contrat de r\u00e9seau l&#8217;autorise.<\/p>\n\n\n\n<h2 class=\"wp-block-heading has-primary-color has-text-color has-link-color wp-elements-3\">Un concurrent de plus pour les centrales et le commerce de gros<\/h2>\n\n\n\n<p class=\"wp-block-paragraph\">Le calendrier est parlant. La m\u00eame semaine, <strong>Colruyt Group<\/strong> annon\u00e7ait l&#8217;ouverture le <strong>16 septembre<\/strong> de son neuvi\u00e8me magasin <strong>Colruyt Professionals<\/strong>, sur l&#8217;ancien site Makro de <strong>Deurne<\/strong>, dans la province d&#8217;Anvers. Deux mouvements convergents, en ligne et en dur, sur le m\u00eame client : le commer\u00e7ant, l&#8217;exploitant horeca, l&#8217;ind\u00e9pendant qui ach\u00e8te en gros.<\/p>\n\n\n\n<p class=\"wp-block-paragraph\">Pour un exploitant sous enseigne, la question centrale reste contractuelle. Un candidat \u00e0 la <a href=\"https:\/\/lexpress-franchise.com\/fr-be\/articles\/ouvrir-franchise-belgique\/\" data-type=\"post\" data-id=\"1813375\" target=\"_blank\" rel=\"noopener\">franchise <\/a>a int\u00e9r\u00eat \u00e0 v\u00e9rifier, dans le projet de contrat et dans le <a href=\"https:\/\/lexpress-franchise.com\/fr-be\/articles\/dip-franchise-belgique\/\" data-type=\"post\" data-id=\"1815731\" target=\"_blank\" rel=\"noopener\">document d&#8217;information particulier<\/a>, l&#8217;\u00e9tendue exacte de son obligation d&#8217;approvisionnement aupr\u00e8s de la centrale, et la liste des familles de produits qu&#8217;il peut acheter librement ailleurs.<\/p>\n\n\n\n<h2 class=\"wp-block-heading has-primary-color has-text-color has-link-color wp-elements-4\">Ce que l&#8217;annonce ne dit pas encore<\/h2>\n\n\n\n<p class=\"wp-block-paragraph\">Plusieurs param\u00e8tres manquent pour mesurer l&#8217;impact r\u00e9el. L&#8217;\u00e9tendue du catalogue propos\u00e9 aux acheteurs belges, les d\u00e9lais de livraison depuis les centres de distribution europ\u00e9ens, l&#8217;existence ou non d&#8217;une \u00e9quipe commerciale bilingue et la disponibilit\u00e9 des services de gestion des achats en interne restent \u00e0 pr\u00e9ciser.<\/p>\n\n\n\n<p class=\"wp-block-paragraph\">Le signal \u00e0 surveiller sera la r\u00e9action des fournisseurs install\u00e9s. Si les grossistes et les centrales belges alignent leurs conditions sur celles de la plateforme, les exploitants ind\u00e9pendants y gagneront des deux c\u00f4t\u00e9s. Dans le cas contraire, la pression se d\u00e9placera vers les clauses d&#8217;approvisionnement des contrats de r\u00e9seau, qui sont pr\u00e9cis\u00e9ment le terrain sur lequel se n\u00e9gocie aujourd&#8217;hui l&#8217;autonomie d&#8217;un <a href=\"https:\/\/lexpress-franchise.com\/fr-be\/nos-franchises\/\" data-type=\"page\" data-id=\"144230\" target=\"_blank\" rel=\"noopener\">franchis\u00e9 belge<\/a>.<\/p>\n","protected":false},"excerpt":{"rendered":"<p>La marketplace professionnelle Amazon Business arrive en Belgique. Le groupe am\u00e9ricain vient d&#8217;installer \u00e0 Bruxelles une antenne officielle d\u00e9di\u00e9e \u00e0 ses clients professionnels, alors que son offre B2B \u00e9tait d\u00e9j\u00e0 active dans onze pays. Un canal d&#8217;achat de plus pour les exploitants sous enseigne. Amazon vient d&#8217;implanter \u00e0 Bruxelles une antenne officielle destin\u00e9e \u00e0 fournir [&hellip;]<\/p>\n","protected":false},"author":889,"featured_media":1816016,"comment_status":"closed","ping_status":"closed","sticky":false,"template":"","format":"standard","meta":{"_acf_changed":false,"_seopress_titles_title":"Amazon Business ouvre une antenne \u00e0 Bruxelles","_seopress_titles_desc":"Amazon Business d\u00e9barque en Belgique avec une antenne bruxelloise d\u00e9di\u00e9e aux clients professionnels. Ce que cela change pour les franchis\u00e9s et les affili\u00e9s.","_seopress_robots_index":"","_seopress_robots_follow":"","_seopress_robots_imageindex":"","_seopress_robots_snippet":"","_seopress_robots_primary_cat":"","_seopress_robots_breadcrumbs":"","_seopress_robots_freeze_modified_date":"","_seopress_robots_custom_modified_date":"","_seopress_robots_canonical":"","_seopress_social_fb_title":"","_seopress_social_fb_desc":"","_seopress_social_fb_img":"","_seopress_social_fb_img_attachment_id":0,"_seopress_social_fb_img_width":0,"_seopress_social_fb_img_height":0,"_seopress_social_twitter_title":"","_seopress_social_twitter_desc":"","_seopress_social_twitter_img":"","_seopress_social_twitter_img_attachment_id":0,"_seopress_social_twitter_img_width":0,"_seopress_social_twitter_img_height":0,"_seopress_redirections_value":"","_seopress_redirections_enabled":"","_seopress_redirections_enabled_regex":"","_seopress_redirections_logged_status":"","_seopress_redirections_param":"","_seopress_redirections_type":0,"_seopress_analysis_target_kw":"","_seopress_news_disabled":"","_seopress_video_disabled":"","_seopress_video":[],"_seopress_pro_schemas_manual":[],"_seopress_pro_rich_snippets_disable_all":"","_seopress_pro_rich_snippets_disable":[],"_seopress_pro_schemas":[],"content-type":"","_relevanssi_hide_post":"","_relevanssi_hide_content":"","_relevanssi_pin_for_all":"","_relevanssi_pin_keywords":"","_relevanssi_unpin_keywords":"","_relevanssi_related_keywords":"","_relevanssi_related_include_ids":"","_relevanssi_related_exclude_ids":"","_relevanssi_related_no_append":"","_relevanssi_related_not_related":"","_relevanssi_related_posts":"1814315,1813375,1815501,1815731,1813282,1815017","_relevanssi_noindex_reason":"","footnotes":""},"categories":[1375,4501],"tags":[],"type-de-post":[2066],"class_list":["post-1815982","post","type-post","status-publish","format-standard","has-post-thumbnail","category-se-lancer","category-entreprendre","type-de-post-articles-actualite"],"acf":[],"permalink_manager":null,"_links":{"self":[{"href":"https:\/\/lexpress-franchise.com\/fr-be\/wp-json\/wp\/v2\/posts\/1815982","targetHints":{"allow":["GET"]}}],"collection":[{"href":"https:\/\/lexpress-franchise.com\/fr-be\/wp-json\/wp\/v2\/posts"}],"about":[{"href":"https:\/\/lexpress-franchise.com\/fr-be\/wp-json\/wp\/v2\/types\/post"}],"author":[{"embeddable":true,"href":"https:\/\/lexpress-franchise.com\/fr-be\/wp-json\/wp\/v2\/users\/889"}],"replies":[{"embeddable":true,"href":"https:\/\/lexpress-franchise.com\/fr-be\/wp-json\/wp\/v2\/comments?post=1815982"}],"version-history":[{"count":2,"href":"https:\/\/lexpress-franchise.com\/fr-be\/wp-json\/wp\/v2\/posts\/1815982\/revisions"}],"predecessor-version":[{"id":1816015,"href":"https:\/\/lexpress-franchise.com\/fr-be\/wp-json\/wp\/v2\/posts\/1815982\/revisions\/1816015"}],"wp:featuredmedia":[{"embeddable":true,"href":"https:\/\/lexpress-franchise.com\/fr-be\/wp-json\/wp\/v2\/media\/1816016"}],"wp:attachment":[{"href":"https:\/\/lexpress-franchise.com\/fr-be\/wp-json\/wp\/v2\/media?parent=1815982"}],"wp:term":[{"taxonomy":"category","embeddable":true,"href":"https:\/\/lexpress-franchise.com\/fr-be\/wp-json\/wp\/v2\/categories?post=1815982"},{"taxonomy":"post_tag","embeddable":true,"href":"https:\/\/lexpress-franchise.com\/fr-be\/wp-json\/wp\/v2\/tags?post=1815982"},{"taxonomy":"type-de-post","embeddable":true,"href":"https:\/\/lexpress-franchise.com\/fr-be\/wp-json\/wp\/v2\/type-de-post?post=1815982"}],"curies":[{"name":"wp","href":"https:\/\/api.w.org\/{rel}","templated":true}]}}