{"id":1813838,"date":"2026-08-28T10:31:13","date_gmt":"2026-08-28T08:31:13","guid":{"rendered":"https:\/\/lexpress-franchise.com\/fr-be\/actualites\/delhaize-comite-direction-gentile-hertog\/"},"modified":"2026-08-28T10:11:42","modified_gmt":"2026-08-28T08:11:42","slug":"delhaize-comite-direction-gentile-hertog","status":"publish","type":"post","link":"https:\/\/lexpress-franchise.com\/fr-be\/actualites\/delhaize-comite-direction-gentile-hertog\/","title":{"rendered":"Delhaize remanie son comit\u00e9 de direction et c\u00e8de Rapha\u00ebl Gentile \u00e0 Ahold Delhaize"},"content":{"rendered":"\n<p class=\"wp-block-paragraph\"><strong>Le comit\u00e9 de direction de <em>Delhaize<\/em> change de composition au 1er septembre. Rapha\u00ebl Gentile quitte l&#8217;\u00e9tat-major belge pour l&#8217;\u00e9chelon europ\u00e9en d&#8217;Ahold Delhaize, Jonathan Hertog r\u00e9cup\u00e8re le commerce et l&#8217;approvisionnement. Le mouvement accompagne l&#8217;arriv\u00e9e d&#8217;une nouvelle patronne \u00e0 la t\u00eate d&#8217;Ahold Delhaize Europe &amp; Indonesia, l&#8217;entit\u00e9 dont d\u00e9pend le r\u00e9seau belge.<\/strong><\/p>\n\n\n\n<hr class=\"wp-block-separator has-alpha-channel-opacity is-style-dots\"\/>\n\n\n\n<p class=\"wp-block-paragraph\">Le distributeur a annonc\u00e9 ces changements jeudi, ressort-il du communiqu\u00e9 publi\u00e9 depuis Kobbegem par l&#8217;enseigne de supermarch\u00e9s <strong>Delhaize<\/strong>. <strong>Rapha\u00ebl Gentile<\/strong>, jusqu&#8217;ici vice-pr\u00e9sident \u00ab Sourcing &amp; Replenishment \u00bb et membre du comit\u00e9 de direction, devient senior vice-pr\u00e9sident \u00ab Own Brand Joint Sourcing \u00bb dans l&#8217;\u00e9quipe Commerce d&#8217;<strong>Ahold Delhaize Europe &amp; Indonesia<\/strong>. Il quitte de ce fait l&#8217;organe de direction belge. L&#8217;annonce est tomb\u00e9e quelques heures apr\u00e8s celle de la maison m\u00e8re n\u00e9erlandaise, \u00e0 Zaandam.<\/p>\n\n\n\n<h2 class=\"wp-block-heading has-primary-color has-text-color has-link-color wp-elements-1\">Jonathan Hertog r\u00e9unit le commerce et le sourcing au 1er septembre<\/h2>\n\n\n\n<p class=\"wp-block-paragraph\"><strong>Jonathan Hertog<\/strong>, jusqu&#8217;ici vice-pr\u00e9sident \u00ab Commerce, Merchandising &amp; Quality \u00bb, reprend les responsabilit\u00e9s de Rapha\u00ebl Gentile et devient senior vice-pr\u00e9sident \u00ab Commerce &amp; Sourcing \u00bb. La fonction r\u00e9unit donc l&#8217;offre commerciale et les achats sous une seule signature, une concentration qui p\u00e8se directement sur les conditions d&#8217;approvisionnement des magasins exploit\u00e9s par des ind\u00e9pendants.<\/p>\n\n\n\n<p class=\"wp-block-paragraph\">Second effet du remaniement : les \u00e9quipes Qualit\u00e9, aujourd&#8217;hui rattach\u00e9es \u00e0 Jonathan Hertog, passeront le <strong>1er octobre<\/strong> sous la responsabilit\u00e9 d&#8217;<strong>Illya Van den Borre<\/strong>, senior vice-pr\u00e9sidente \u00ab HR, Corporate Affairs &amp; Q&amp;S \u00bb. Les deux bascules sont donc d\u00e9cal\u00e9es d&#8217;un mois.<\/p>\n\n\n\n<h2 class=\"wp-block-heading has-primary-color has-text-color has-link-color wp-elements-2\">Huit membres autour d&#8217;Alexandros Boussis<\/h2>\n\n\n\n<p class=\"wp-block-paragraph\">Au 1er septembre, le comit\u00e9 de direction de l&#8217;enseigne compte huit personnes, le patron compris :<\/p>\n\n\n\n<ul class=\"wp-block-list\">\n<li><strong>Alexandros Boussis<\/strong> : CEO&nbsp;;<\/li>\n\n\n\n<li><strong>Illya Van den Borre<\/strong> : ressources humaines, affaires publiques, qualit\u00e9 et s\u00e9curit\u00e9&nbsp;;<\/li>\n\n\n\n<li><strong>Johan Ideler<\/strong> : logistique et cha\u00eene d&#8217;approvisionnement&nbsp;;<\/li>\n\n\n\n<li><strong>Chlo\u00eb Thoelen<\/strong> : finances et strat\u00e9gie&nbsp;;<\/li>\n\n\n\n<li><strong>Raffael Li Preti<\/strong> : op\u00e9rations retail et immobilier&nbsp;;<\/li>\n\n\n\n<li><strong>Aude Mayence<\/strong> : marketing, digital et e-commerce&nbsp;;<\/li>\n\n\n\n<li><strong>Jonathan Hertog<\/strong> : commerce et sourcing&nbsp;;<\/li>\n\n\n\n<li><strong>Sylvie Dugardyn<\/strong> : juridique, \u00e9thique et conformit\u00e9.<\/li>\n<\/ul>\n\n\n\n<h2 class=\"wp-block-heading has-primary-color has-text-color has-link-color wp-elements-3\">Margaret Versteden-Van Duijn prend la t\u00eate de l&#8217;\u00e9chelon europ\u00e9en<\/h2>\n\n\n\n<p class=\"wp-block-paragraph\">Le m\u00eame jeudi, le conseil de surveillance d&#8217;Ahold Delhaize a d\u00e9sign\u00e9 <strong>Margaret Versteden-Van Duijn<\/strong> comme CEO d&#8217;<strong>Ahold Delhaize Europe &amp; Indonesia<\/strong> et l&#8217;a propos\u00e9e au comit\u00e9 de direction du groupe. Elle prendra ses fonctions d&#8217;executive vice-pr\u00e9sidente Europe &amp; Indonesia le <strong>1er octobre 2026<\/strong>. Sa nomination au comit\u00e9 de direction reste soumise au vote d&#8217;une assembl\u00e9e g\u00e9n\u00e9rale extraordinaire des actionnaires, pr\u00e9vue d&#8217;ici la fin de l&#8217;ann\u00e9e.<\/p>\n\n\n\n<p class=\"wp-block-paragraph\">Elle dirige aujourd&#8217;hui les enseignes n\u00e9erlandaises du groupe, <strong>Albert Heijn<\/strong>, <strong>Etos<\/strong> et <strong>Gall &amp; Gall<\/strong>. Entr\u00e9e chez Ahold Delhaize en <strong>2015<\/strong> comme directrice marketing de <strong>bol<\/strong>, la plateforme en ligne du groupe aux Pays-Bas et en Belgique, elle en avait pris la pr\u00e9sidence en 2021. Elle succ\u00e8de \u00e0 <strong>Claude Sarrailh<\/strong>, qui quitte le groupe fin septembre apr\u00e8s une transition d&#8217;un mois.<\/p>\n\n\n<div class=\"lc-gut-blog-post-author-quote\" style=\"--color: #e74c3c; \"><div class=\"lc-gut-blog-post-author-quote__content\"><div class=\"lc-gut-blog-post-author-quote__quote-wrapper\"><div class=\"lc-gut-blog-post-author-quote__svg-wrapper\"><svg class=\"lc-gut-blog-post-author-quote__svg\" width=\"56\" height=\"40\" viewBox=\"0 0 56 40\" fill=\"none\" xmlns=\"http:\/\/www.w3.org\/2000\/svg\"><path d=\"M40.6 16.52H46.06C51.38 17.64 55.3 21.14 55.3 27.58C55.3 34.72 49.84 39.2 42.98 39.2C34.72 39.2 29.54 32.62 29.54 23.24C29.54 9.52 38.64 0.699999 55.58 0V5.04C46.62 6.3 41.3 9.52 40.6 16.52ZM10.92 16.52H16.52C21.84 17.64 25.76 21.14 25.76 27.58C25.76 34.72 20.3 39.2 13.44 39.2C5.18 39.2 0 32.62 0 23.24C0 9.52 9.1 0.699999 26.04 0V5.04C17.08 6.3 11.76 9.52 10.92 16.52Z\" fill=\"#e74c3c\"\/><\/svg><\/div><blockquote class=\"lc-gut-blog-post-author-quote__text\">Margaret apporte un leadership op\u00e9rationnel solide, une large exp\u00e9rience de nos activit\u00e9s europ\u00e9ennes et une compr\u00e9hension claire de ce qui fait le succ\u00e8s de nos grandes marques locales.<\/blockquote><\/div><div class=\"lc-gut-blog-post-author-quote__author\"><div class=\"lc-gut-blog-post-author-quote__author-details\"><p class=\"lc-gut-blog-post-author-quote__author-pre-text\">UNE PHRASE DE<\/p><p class=\"lc-gut-blog-post-author-quote__author-name\">Frans Muller<\/p><p class=\"lc-gut-blog-post-author-quote__author-title\">Pr\u00e9sident et CEO, Ahold Delhaize<\/p><\/div><\/div><\/div><\/div>\n\n\n<h2 class=\"wp-block-heading has-primary-color has-text-color has-link-color wp-elements-4\">Ce que le remaniement change pour les affili\u00e9s belges<\/h2>\n\n\n\n<p class=\"wp-block-paragraph\">Le CEO belge a explicitement plac\u00e9 les exploitants sous enseigne dans la feuille de route de la nouvelle \u00e9quipe. \u00ab Je me r\u00e9jouis de poursuivre notre strat\u00e9gie avec ce comit\u00e9 de direction, en y pla\u00e7ant plus que jamais nos collaborateurs, nos magasins, nos affili\u00e9s et nos clients au centre \u00bb, conclut <strong>Alexandros Boussis, CEO de Delhaize<\/strong>, dans un communiqu\u00e9 r\u00e9dig\u00e9 en n\u00e9erlandais.<\/p>\n\n\n\n<p class=\"wp-block-paragraph\">Deux \u00e9ch\u00e9ances restent ouvertes. Le groupe n&#8217;a pas encore d\u00e9sign\u00e9 de successeur \u00e0 la t\u00eate d&#8217;Albert Heijn, Etos et Gall &amp; Gall, et l&#8217;assembl\u00e9e g\u00e9n\u00e9rale extraordinaire n&#8217;a pas de date publique. Pour les <a href=\"https:\/\/lexpress-franchise.com\/fr-be\/nos-franchises\/alimentation\/\" target=\"_blank\" rel=\"noreferrer noopener\">candidats affili\u00e9s belges<\/a>, le point \u00e0 surveiller est ailleurs : le rattachement du sourcing des marques propres \u00e0 l&#8217;\u00e9chelon europ\u00e9en d\u00e9place hors de Bruxelles une partie des arbitrages qui d\u00e9terminent les conditions d&#8217;achat en magasin.<\/p>\n\n\n        <div class=\"lf-gut-franchise-slider-wrapper\" data-slider-id=\"lf-gut-franchise-slider-6a94cf69dc972\">\n            <div class=\"lf-gut-franchise-slider swiper\">\n                <div class=\"swiper-wrapper\">\n                                            <div class=\"swiper-slide lf-gut-franchise-card\">\n                            <div class=\"lf-gut-franchise-image-wrapper\">\n                                <img decoding=\"async\" src=\"https:\/\/lexpress-franchise.com\/wp-content\/uploads\/2026\/06\/mani-binocolo-su-sfondo-pesca.webp\" class=\"lf-gut-franchise-image\" alt=\"AD Delhaize\">\n                                                                    <div class=\"lf-gut-franchise-logo-center\">\n                                        <img decoding=\"async\" src=\"https:\/\/lexpress-franchise.com\/wp-content\/uploads\/2026\/08\/delhaize-ad-logo.png\" alt=\"Logo\">\n                                    <\/div>\n                                                            <\/div>\n                            <div class=\"lf-gut-franchise-content\">\n                                <div class=\"lf-gut-franchise-title-content\">\n                                    <div>\n                                        <a class=\"lf-gut-franchise-header-link\" href=\"https:\/\/lexpress-franchise.com\/fr-be\/franchise\/ad-delhaize\/\">\n                                            <p class=\"lf-gut-franchise-title\">AD Delhaize<\/p>\n                                        <\/a>\n                                        <p class=\"lf-gut-franchise-tag-line\">Supermarch\u00e9<\/p>\n                                    <\/div>\n                                    <ul class=\"lf-gut-franchise-info-list\">\n                                        <li data-field=\"category\">\n                                            <span class=\"lf-gut-icon\"><?xml version=\"1.0\" encoding=\"UTF-8\"?> <svg xmlns=\"http:\/\/www.w3.org\/2000\/svg\" width=\"24\" height=\"24\" viewBox=\"0 0 24 24\" fill=\"none\"><path d=\"M12.5852 21.9314H4.92807C3.01378 21.9314 2.05664 20.9355 2.05664 18.9438V10.9771C2.05664 8.98542 3.01378 7.98957 4.92807 7.98957M12.5852 21.9314C10.6709 21.9314 9.71378 20.9355 9.71378 18.9438M12.5852 21.9314H18.3281C20.2424 21.9314 21.1995 20.9355 21.1995 18.9438V5.00205C21.1995 3.01037 20.2424 2.01453 18.3281 2.01453H12.5852C10.6709 2.01453 9.71378 3.01037 9.71378 5.00205M4.92807 7.98957H9.71378M4.92807 7.98957V5.99789C4.92807 4.90247 5.7895 4.00621 6.84235 4.00621H9.81905C9.74248 4.30496 9.71378 4.63359 9.71378 5.00205M9.71378 7.98957V18.9438M9.71378 7.98957V5.00205M9.71378 18.9438V5.00205M13.5424 7.98957V12.9688M17.3709 7.98957V12.9688M5.88521 12.9688V16.9521M16.4138 16.9521H14.4995C13.9731 16.9521 13.5424 17.4003 13.5424 17.948V21.9314H17.3709V17.948C17.3709 17.4003 16.9402 16.9521 16.4138 16.9521Z\" stroke=\"#E53B12\" stroke-width=\"1.5\" stroke-miterlimit=\"10\" stroke-linecap=\"round\" stroke-linejoin=\"round\"><\/path><\/svg> <\/span>Alimentation                                        <\/li>\n                                        <li data-field=\"locations\">\n                                            <span class=\"lf-gut-icon\"><?xml version=\"1.0\" encoding=\"UTF-8\"?> <svg xmlns=\"http:\/\/www.w3.org\/2000\/svg\" width=\"19\" height=\"22\" viewBox=\"0 0 19 22\" fill=\"none\"><path d=\"M9.62821 12.2473C11.2775 12.2473 12.6145 10.8563 12.6145 9.14032C12.6145 7.42435 11.2775 6.03329 9.62821 6.03329C7.97893 6.03329 6.64192 7.42435 6.64192 9.14032C6.64192 10.8563 7.97893 12.2473 9.62821 12.2473Z\" stroke=\"#E53B12\" stroke-width=\"1.5\"><\/path><path d=\"M1.60735 7.32788C3.49292 -1.29611 15.7731 -1.28615 17.6491 7.33784C18.7498 12.3967 15.7252 16.6788 13.0739 19.3278C11.1501 21.2597 8.10635 21.2597 6.17292 19.3278C3.53121 16.6788 0.506638 12.3868 1.60735 7.32788Z\" stroke=\"#E53B12\" stroke-width=\"1.5\"><\/path><\/svg> <\/span>220 implantions                                        <\/li>\n                                        <li data-field=\"contribution\">\n                                            <span class=\"lf-gut-icon\"><?xml version=\"1.0\" encoding=\"UTF-8\"?> <svg xmlns=\"http:\/\/www.w3.org\/2000\/svg\" width=\"24\" height=\"25\" viewBox=\"0 0 24 25\" fill=\"none\"><path d=\"M2.05664 9.19308H21.1995M5.88521 17.1598H7.7995M10.1924 17.1598H14.0209M6.30635 4.21387H16.9402C20.3476 4.21387 21.1995 5.09021 21.1995 8.58561V16.7615C21.1995 20.2569 20.3476 21.1332 16.9498 21.1332H6.30635C2.9085 21.1432 2.05664 20.2668 2.05664 16.7714V8.58561C2.05664 5.09021 2.9085 4.21387 6.30635 4.21387Z\" stroke=\"#E53B12\" stroke-width=\"1.5\" stroke-linecap=\"round\" stroke-linejoin=\"round\"><\/path><\/svg> <\/span>Apport personnel: N\/C&nbsp;\u20ac                                        <\/li>\n                                                                            <\/ul>\n                                <\/div>\n                                <a class=\"lf-gut-franchise-button\" rel=\"follow\" href=\"https:\/\/lexpress-franchise.com\/fr-be\/franchise\/ad-delhaize\/?demandedocumentation=1&#038;utm_source=media&#038;utm_campaign=cta-slider&#038;utm_medium=https:\/\/lexpress-franchise.com\/fr-be\/?p=1813838\">Je veux plus d\u2019infos !<\/a>\n                            <\/div>\n                        <\/div>\n                                            <div class=\"swiper-slide lf-gut-franchise-card\">\n                            <div class=\"lf-gut-franchise-image-wrapper\">\n                                <img decoding=\"async\" src=\"https:\/\/lexpress-franchise.com\/wp-content\/uploads\/2026\/06\/mani-binocolo-su-sfondo-pesca.webp\" class=\"lf-gut-franchise-image\" alt=\"Proxy Delhaize\">\n                                                                    <div class=\"lf-gut-franchise-logo-center\">\n                                        <img decoding=\"async\" src=\"https:\/\/lexpress-franchise.com\/wp-content\/uploads\/2026\/08\/logo-proxy-red-black-icon.png\" alt=\"Logo\">\n                                    <\/div>\n                                                            <\/div>\n                            <div class=\"lf-gut-franchise-content\">\n                                <div class=\"lf-gut-franchise-title-content\">\n                                    <div>\n                                        <a class=\"lf-gut-franchise-header-link\" href=\"https:\/\/lexpress-franchise.com\/fr-be\/franchise\/proxy-delhaize\/\">\n                                            <p class=\"lf-gut-franchise-title\">Proxy Delhaize<\/p>\n                                        <\/a>\n                                        <p class=\"lf-gut-franchise-tag-line\">Supermarch\u00e9 de proximit\u00e9<\/p>\n                                    <\/div>\n                                    <ul class=\"lf-gut-franchise-info-list\">\n                                        <li data-field=\"category\">\n                                            <span class=\"lf-gut-icon\"><?xml version=\"1.0\" encoding=\"UTF-8\"?> <svg xmlns=\"http:\/\/www.w3.org\/2000\/svg\" width=\"24\" height=\"24\" viewBox=\"0 0 24 24\" fill=\"none\"><path d=\"M12.5852 21.9314H4.92807C3.01378 21.9314 2.05664 20.9355 2.05664 18.9438V10.9771C2.05664 8.98542 3.01378 7.98957 4.92807 7.98957M12.5852 21.9314C10.6709 21.9314 9.71378 20.9355 9.71378 18.9438M12.5852 21.9314H18.3281C20.2424 21.9314 21.1995 20.9355 21.1995 18.9438V5.00205C21.1995 3.01037 20.2424 2.01453 18.3281 2.01453H12.5852C10.6709 2.01453 9.71378 3.01037 9.71378 5.00205M4.92807 7.98957H9.71378M4.92807 7.98957V5.99789C4.92807 4.90247 5.7895 4.00621 6.84235 4.00621H9.81905C9.74248 4.30496 9.71378 4.63359 9.71378 5.00205M9.71378 7.98957V18.9438M9.71378 7.98957V5.00205M9.71378 18.9438V5.00205M13.5424 7.98957V12.9688M17.3709 7.98957V12.9688M5.88521 12.9688V16.9521M16.4138 16.9521H14.4995C13.9731 16.9521 13.5424 17.4003 13.5424 17.948V21.9314H17.3709V17.948C17.3709 17.4003 16.9402 16.9521 16.4138 16.9521Z\" stroke=\"#E53B12\" stroke-width=\"1.5\" stroke-miterlimit=\"10\" stroke-linecap=\"round\" stroke-linejoin=\"round\"><\/path><\/svg> <\/span>Alimentation                                        <\/li>\n                                        <li data-field=\"locations\">\n                                            <span class=\"lf-gut-icon\"><?xml version=\"1.0\" encoding=\"UTF-8\"?> <svg xmlns=\"http:\/\/www.w3.org\/2000\/svg\" width=\"19\" height=\"22\" viewBox=\"0 0 19 22\" fill=\"none\"><path d=\"M9.62821 12.2473C11.2775 12.2473 12.6145 10.8563 12.6145 9.14032C12.6145 7.42435 11.2775 6.03329 9.62821 6.03329C7.97893 6.03329 6.64192 7.42435 6.64192 9.14032C6.64192 10.8563 7.97893 12.2473 9.62821 12.2473Z\" stroke=\"#E53B12\" stroke-width=\"1.5\"><\/path><path d=\"M1.60735 7.32788C3.49292 -1.29611 15.7731 -1.28615 17.6491 7.33784C18.7498 12.3967 15.7252 16.6788 13.0739 19.3278C11.1501 21.2597 8.10635 21.2597 6.17292 19.3278C3.53121 16.6788 0.506638 12.3868 1.60735 7.32788Z\" stroke=\"#E53B12\" stroke-width=\"1.5\"><\/path><\/svg> <\/span>200 implantations                                        <\/li>\n                                        <li data-field=\"contribution\">\n                                            <span class=\"lf-gut-icon\"><?xml version=\"1.0\" encoding=\"UTF-8\"?> <svg xmlns=\"http:\/\/www.w3.org\/2000\/svg\" width=\"24\" height=\"25\" viewBox=\"0 0 24 25\" fill=\"none\"><path d=\"M2.05664 9.19308H21.1995M5.88521 17.1598H7.7995M10.1924 17.1598H14.0209M6.30635 4.21387H16.9402C20.3476 4.21387 21.1995 5.09021 21.1995 8.58561V16.7615C21.1995 20.2569 20.3476 21.1332 16.9498 21.1332H6.30635C2.9085 21.1432 2.05664 20.2668 2.05664 16.7714V8.58561C2.05664 5.09021 2.9085 4.21387 6.30635 4.21387Z\" stroke=\"#E53B12\" stroke-width=\"1.5\" stroke-linecap=\"round\" stroke-linejoin=\"round\"><\/path><\/svg> <\/span>Apport personnel: N\/C&nbsp;\u20ac                                        <\/li>\n                                                                            <\/ul>\n                                <\/div>\n                                <a class=\"lf-gut-franchise-button\" rel=\"follow\" href=\"https:\/\/lexpress-franchise.com\/fr-be\/franchise\/proxy-delhaize\/?demandedocumentation=1&#038;utm_source=media&#038;utm_campaign=cta-slider&#038;utm_medium=https:\/\/lexpress-franchise.com\/fr-be\/?p=1813838\">Je veux plus d\u2019infos !<\/a>\n                            <\/div>\n                        <\/div>\n                                            <div class=\"swiper-slide lf-gut-franchise-card\">\n                            <div class=\"lf-gut-franchise-image-wrapper\">\n                                <img decoding=\"async\" src=\"https:\/\/lexpress-franchise.com\/wp-content\/uploads\/2026\/06\/mani-binocolo-su-sfondo-pesca.webp\" class=\"lf-gut-franchise-image\" alt=\"Shop&#038;Go Delhaize\">\n                                                                    <div class=\"lf-gut-franchise-logo-center\">\n                                        <img decoding=\"async\" src=\"https:\/\/lexpress-franchise.com\/wp-content\/uploads\/2026\/08\/shop-go-delhaize-logo.png\" alt=\"Logo\">\n                                    <\/div>\n                                                            <\/div>\n                            <div class=\"lf-gut-franchise-content\">\n                                <div class=\"lf-gut-franchise-title-content\">\n                                    <div>\n                                        <a class=\"lf-gut-franchise-header-link\" href=\"https:\/\/lexpress-franchise.com\/fr-be\/franchise\/shopgo-delhaize\/\">\n                                            <p class=\"lf-gut-franchise-title\">Shop&#038;Go Delhaize<\/p>\n                                        <\/a>\n                                        <p class=\"lf-gut-franchise-tag-line\">Sup\u00e9rette<\/p>\n                                    <\/div>\n                                    <ul class=\"lf-gut-franchise-info-list\">\n                                        <li data-field=\"category\">\n                                            <span class=\"lf-gut-icon\"><?xml version=\"1.0\" encoding=\"UTF-8\"?> <svg xmlns=\"http:\/\/www.w3.org\/2000\/svg\" width=\"24\" height=\"24\" viewBox=\"0 0 24 24\" fill=\"none\"><path d=\"M12.5852 21.9314H4.92807C3.01378 21.9314 2.05664 20.9355 2.05664 18.9438V10.9771C2.05664 8.98542 3.01378 7.98957 4.92807 7.98957M12.5852 21.9314C10.6709 21.9314 9.71378 20.9355 9.71378 18.9438M12.5852 21.9314H18.3281C20.2424 21.9314 21.1995 20.9355 21.1995 18.9438V5.00205C21.1995 3.01037 20.2424 2.01453 18.3281 2.01453H12.5852C10.6709 2.01453 9.71378 3.01037 9.71378 5.00205M4.92807 7.98957H9.71378M4.92807 7.98957V5.99789C4.92807 4.90247 5.7895 4.00621 6.84235 4.00621H9.81905C9.74248 4.30496 9.71378 4.63359 9.71378 5.00205M9.71378 7.98957V18.9438M9.71378 7.98957V5.00205M9.71378 18.9438V5.00205M13.5424 7.98957V12.9688M17.3709 7.98957V12.9688M5.88521 12.9688V16.9521M16.4138 16.9521H14.4995C13.9731 16.9521 13.5424 17.4003 13.5424 17.948V21.9314H17.3709V17.948C17.3709 17.4003 16.9402 16.9521 16.4138 16.9521Z\" stroke=\"#E53B12\" stroke-width=\"1.5\" stroke-miterlimit=\"10\" stroke-linecap=\"round\" stroke-linejoin=\"round\"><\/path><\/svg> <\/span>Alimentation                                        <\/li>\n                                        <li data-field=\"locations\">\n                                            <span class=\"lf-gut-icon\"><?xml version=\"1.0\" encoding=\"UTF-8\"?> <svg xmlns=\"http:\/\/www.w3.org\/2000\/svg\" width=\"19\" height=\"22\" viewBox=\"0 0 19 22\" fill=\"none\"><path d=\"M9.62821 12.2473C11.2775 12.2473 12.6145 10.8563 12.6145 9.14032C12.6145 7.42435 11.2775 6.03329 9.62821 6.03329C7.97893 6.03329 6.64192 7.42435 6.64192 9.14032C6.64192 10.8563 7.97893 12.2473 9.62821 12.2473Z\" stroke=\"#E53B12\" stroke-width=\"1.5\"><\/path><path d=\"M1.60735 7.32788C3.49292 -1.29611 15.7731 -1.28615 17.6491 7.33784C18.7498 12.3967 15.7252 16.6788 13.0739 19.3278C11.1501 21.2597 8.10635 21.2597 6.17292 19.3278C3.53121 16.6788 0.506638 12.3868 1.60735 7.32788Z\" stroke=\"#E53B12\" stroke-width=\"1.5\"><\/path><\/svg> <\/span>187 implantations                                        <\/li>\n                                        <li data-field=\"contribution\">\n                                            <span class=\"lf-gut-icon\"><?xml version=\"1.0\" encoding=\"UTF-8\"?> <svg xmlns=\"http:\/\/www.w3.org\/2000\/svg\" width=\"24\" height=\"25\" viewBox=\"0 0 24 25\" fill=\"none\"><path d=\"M2.05664 9.19308H21.1995M5.88521 17.1598H7.7995M10.1924 17.1598H14.0209M6.30635 4.21387H16.9402C20.3476 4.21387 21.1995 5.09021 21.1995 8.58561V16.7615C21.1995 20.2569 20.3476 21.1332 16.9498 21.1332H6.30635C2.9085 21.1432 2.05664 20.2668 2.05664 16.7714V8.58561C2.05664 5.09021 2.9085 4.21387 6.30635 4.21387Z\" stroke=\"#E53B12\" stroke-width=\"1.5\" stroke-linecap=\"round\" stroke-linejoin=\"round\"><\/path><\/svg> <\/span>Apport personnel: N\/C&nbsp;\u20ac                                        <\/li>\n                                                                            <\/ul>\n                                <\/div>\n                                <a class=\"lf-gut-franchise-button\" rel=\"follow\" href=\"https:\/\/lexpress-franchise.com\/fr-be\/franchise\/shopgo-delhaize\/?demandedocumentation=1&#038;utm_source=media&#038;utm_campaign=cta-slider&#038;utm_medium=https:\/\/lexpress-franchise.com\/fr-be\/?p=1813838\">Je veux plus d\u2019infos !<\/a>\n                            <\/div>\n                        <\/div>\n                                                        <\/div>\n            <\/div>\n            <div class=\"lf-gut-franchise-slider-nav\">\n                <div class=\"swiper-button-prev\"><\/div>\n                <div class=\"swiper-button-next\"><\/div>\n            <\/div>\n        <\/div>\n        ","protected":false},"excerpt":{"rendered":"<p>Le comit\u00e9 de direction de Delhaize change de composition au 1er septembre. Rapha\u00ebl Gentile quitte l&#8217;\u00e9tat-major belge pour l&#8217;\u00e9chelon europ\u00e9en d&#8217;Ahold Delhaize, Jonathan Hertog r\u00e9cup\u00e8re le commerce et l&#8217;approvisionnement. Le mouvement accompagne l&#8217;arriv\u00e9e d&#8217;une nouvelle patronne \u00e0 la t\u00eate d&#8217;Ahold Delhaize Europe &amp; Indonesia, l&#8217;entit\u00e9 dont d\u00e9pend le r\u00e9seau belge. Le distributeur a annonc\u00e9 ces [&hellip;]<\/p>\n","protected":false},"author":889,"featured_media":1813952,"comment_status":"closed","ping_status":"closed","sticky":false,"template":"","format":"standard","meta":{"_acf_changed":false,"_seopress_titles_title":"Delhaize remanie son comit\u00e9 de direction au 1er septembre","_seopress_titles_desc":"Rapha\u00ebl Gentile quitte le comit\u00e9 de direction de Delhaize pour Ahold Delhaize Europe & Indonesia. Jonathan Hertog reprend commerce et sourcing au 1er septembre.","_seopress_robots_index":"","_seopress_robots_follow":"","_seopress_robots_imageindex":"","_seopress_robots_snippet":"","_seopress_robots_primary_cat":"","_seopress_robots_breadcrumbs":"","_seopress_robots_freeze_modified_date":"","_seopress_robots_custom_modified_date":"","_seopress_robots_canonical":"","_seopress_social_fb_title":"","_seopress_social_fb_desc":"","_seopress_social_fb_img":"","_seopress_social_fb_img_attachment_id":0,"_seopress_social_fb_img_width":0,"_seopress_social_fb_img_height":0,"_seopress_social_twitter_title":"","_seopress_social_twitter_desc":"","_seopress_social_twitter_img":"","_seopress_social_twitter_img_attachment_id":0,"_seopress_social_twitter_img_width":0,"_seopress_social_twitter_img_height":0,"_seopress_redirections_value":"","_seopress_redirections_enabled":"","_seopress_redirections_enabled_regex":"","_seopress_redirections_logged_status":"","_seopress_redirections_param":"","_seopress_redirections_type":0,"_seopress_analysis_target_kw":"","_seopress_news_disabled":"","_seopress_video_disabled":"","_seopress_video":[],"_seopress_pro_schemas_manual":[],"_seopress_pro_rich_snippets_disable_all":"","_seopress_pro_rich_snippets_disable":[],"_seopress_pro_schemas":[],"content-type":"","_relevanssi_hide_post":"","_relevanssi_hide_content":"","_relevanssi_pin_for_all":"","_relevanssi_pin_keywords":"","_relevanssi_unpin_keywords":"","_relevanssi_related_keywords":"","_relevanssi_related_include_ids":"","_relevanssi_related_exclude_ids":"","_relevanssi_related_no_append":"","_relevanssi_related_not_related":"","_relevanssi_related_posts":"1813817,1813375,149542,146868,146858,149790","_relevanssi_noindex_reason":"","footnotes":""},"categories":[1389,4500,4501,1375],"tags":[],"type-de-post":[2066],"class_list":["post-1813838","post","type-post","status-publish","format-standard","has-post-thumbnail","category-secteurs","category-reseaux","category-entreprendre","category-se-lancer","type-de-post-articles-actualite"],"acf":[],"permalink_manager":null,"_links":{"self":[{"href":"https:\/\/lexpress-franchise.com\/fr-be\/wp-json\/wp\/v2\/posts\/1813838","targetHints":{"allow":["GET"]}}],"collection":[{"href":"https:\/\/lexpress-franchise.com\/fr-be\/wp-json\/wp\/v2\/posts"}],"about":[{"href":"https:\/\/lexpress-franchise.com\/fr-be\/wp-json\/wp\/v2\/types\/post"}],"author":[{"embeddable":true,"href":"https:\/\/lexpress-franchise.com\/fr-be\/wp-json\/wp\/v2\/users\/889"}],"replies":[{"embeddable":true,"href":"https:\/\/lexpress-franchise.com\/fr-be\/wp-json\/wp\/v2\/comments?post=1813838"}],"version-history":[{"count":3,"href":"https:\/\/lexpress-franchise.com\/fr-be\/wp-json\/wp\/v2\/posts\/1813838\/revisions"}],"predecessor-version":[{"id":1813848,"href":"https:\/\/lexpress-franchise.com\/fr-be\/wp-json\/wp\/v2\/posts\/1813838\/revisions\/1813848"}],"wp:featuredmedia":[{"embeddable":true,"href":"https:\/\/lexpress-franchise.com\/fr-be\/wp-json\/wp\/v2\/media\/1813952"}],"wp:attachment":[{"href":"https:\/\/lexpress-franchise.com\/fr-be\/wp-json\/wp\/v2\/media?parent=1813838"}],"wp:term":[{"taxonomy":"category","embeddable":true,"href":"https:\/\/lexpress-franchise.com\/fr-be\/wp-json\/wp\/v2\/categories?post=1813838"},{"taxonomy":"post_tag","embeddable":true,"href":"https:\/\/lexpress-franchise.com\/fr-be\/wp-json\/wp\/v2\/tags?post=1813838"},{"taxonomy":"type-de-post","embeddable":true,"href":"https:\/\/lexpress-franchise.com\/fr-be\/wp-json\/wp\/v2\/type-de-post?post=1813838"}],"curies":[{"name":"wp","href":"https:\/\/api.w.org\/{rel}","templated":true}]}}