{"id":1813557,"date":"2026-08-27T11:44:35","date_gmt":"2026-08-27T09:44:35","guid":{"rendered":"https:\/\/lexpress-franchise.com\/fr-be\/actualites\/jumbo-confie-a-un-franchise-son-48e-supermarche-a-mortsel-et-vise-les-50-magasins-debut-2027\/"},"modified":"2026-08-27T11:31:45","modified_gmt":"2026-08-27T09:31:45","slug":"jumbo-confie-a-un-franchise-son-48e-supermarche-a-mortsel-et-vise-les-50-magasins-debut-2027","status":"publish","type":"post","link":"https:\/\/lexpress-franchise.com\/fr-be\/actualites\/jumbo-confie-a-un-franchise-son-48e-supermarche-a-mortsel-et-vise-les-50-magasins-debut-2027\/","title":{"rendered":"Jumbo confie \u00e0 un franchis\u00e9 son 48e supermarch\u00e9 \u00e0 Mortsel, et vise les 50 magasins d\u00e9but 2027"},"content":{"rendered":"\n<p class=\"wp-block-paragraph\"><strong><em>Jumbo<\/em> a inaugur\u00e9 mercredi son 48e supermarch\u00e9 belge \u00e0 Mortsel, en province d&#8217;Anvers, confi\u00e9 \u00e0 un franchis\u00e9 ind\u00e9pendant. L&#8217;enseigne n\u00e9erlandaise bouclera l&#8217;ann\u00e9e \u00e0 49 magasins et f\u00eatera le cinquanti\u00e8me d\u00e9but 2027. Sept ans apr\u00e8s son arriv\u00e9e, son parc belge reste int\u00e9gralement flamand.<\/strong><\/p>\n\n\n\n<hr class=\"wp-block-separator has-alpha-channel-opacity is-style-dots\"\/>\n\n\n\n<p class=\"wp-block-paragraph\">Le 48e magasin belge de <strong>Jumbo<\/strong> a ouvert ses portes mercredi matin \u00e0 <strong>Mortsel<\/strong>, le douzi\u00e8me de la province d&#8217;Anvers, rapporte le m\u00e9dia professionnel du commerce RetailDetail. Le point de vente occupe environ <strong>1.000 m\u00b2<\/strong> sur le site Stadsterras, le long de l&#8217;Alice Nahonlei, un format modeste pour l&#8217;enseigne. Il est exploit\u00e9 par <strong>Toon Daelemans<\/strong>, 34 ans, franchis\u00e9 ind\u00e9pendant. Le recrutement a produit plus de <strong>1.000 candidatures<\/strong> pour <strong>30 postes<\/strong>. La cha\u00eene avait ouvert son premier magasin belge \u00e0 Pelt, en province de Limbourg, le <strong>6 novembre 2019<\/strong>.<\/p>\n\n\n\n<h2 class=\"wp-block-heading has-primary-color has-text-color has-link-color wp-elements-1\">Un franchis\u00e9 de 34 ans pour un magasin de quartier<\/h2>\n\n\n\n<p class=\"wp-block-paragraph\"><strong>Mortsel<\/strong> n&#8217;\u00e9tait pas satur\u00e9e en grande distribution : seuls <strong>Aldi<\/strong>, <strong>Carrefour Market<\/strong> et <strong>Colruyt<\/strong> y \u00e9taient implant\u00e9s, m\u00eame si toutes les autres enseignes sont pr\u00e9sentes dans les communes voisines. Le nouvel exploitant mise sur la proximit\u00e9 plut\u00f4t que sur le prix, avec un am\u00e9nagement pens\u00e9 pour les familles : parcours ludique au sol et chariots en forme de tracteur. Les invendus de fruits et l\u00e9gumes partent vers les animaux de l&#8217;\u00e9cole voisine.<\/p>\n\n\n<div class=\"lc-gut-blog-post-author-quote\" style=\"--color: #e74c3c; \"><div class=\"lc-gut-blog-post-author-quote__content\"><div class=\"lc-gut-blog-post-author-quote__quote-wrapper\"><div class=\"lc-gut-blog-post-author-quote__svg-wrapper\"><svg class=\"lc-gut-blog-post-author-quote__svg\" width=\"56\" height=\"40\" viewBox=\"0 0 56 40\" fill=\"none\" xmlns=\"http:\/\/www.w3.org\/2000\/svg\"><path d=\"M40.6 16.52H46.06C51.38 17.64 55.3 21.14 55.3 27.58C55.3 34.72 49.84 39.2 42.98 39.2C34.72 39.2 29.54 32.62 29.54 23.24C29.54 9.52 38.64 0.699999 55.58 0V5.04C46.62 6.3 41.3 9.52 40.6 16.52ZM10.92 16.52H16.52C21.84 17.64 25.76 21.14 25.76 27.58C25.76 34.72 20.3 39.2 13.44 39.2C5.18 39.2 0 32.62 0 23.24C0 9.52 9.1 0.699999 26.04 0V5.04C17.08 6.3 11.76 9.52 10.92 16.52Z\" fill=\"#e74c3c\"\/><\/svg><\/div><blockquote class=\"lc-gut-blog-post-author-quote__text\">Avec mon \u00e9quipe, je veux cr\u00e9er un lieu o\u00f9 chacun se sente le bienvenu, avec un sourire, un petit mot, un service personnalis\u00e9 et un coup de main.<\/blockquote><\/div><div class=\"lc-gut-blog-post-author-quote__author\"><div class=\"lc-gut-blog-post-author-quote__author-details\"><p class=\"lc-gut-blog-post-author-quote__author-pre-text\">UNE PHRASE DE<\/p><p class=\"lc-gut-blog-post-author-quote__author-name\">Toon Daelemans<\/p><p class=\"lc-gut-blog-post-author-quote__author-title\">Franchis\u00e9, Jumbo Mortsel<\/p><\/div><\/div><\/div><\/div>\n\n\n<h2 class=\"wp-block-heading has-primary-color has-text-color has-link-color wp-elements-2\">Cinq ouvertures en 2026, le cap des 50 repouss\u00e9 \u00e0 d\u00e9but 2027<\/h2>\n\n\n\n<p class=\"wp-block-paragraph\">Mortsel est la quatri\u00e8me ouverture belge de l&#8217;ann\u00e9e, apr\u00e8s <strong>Ingelmunster<\/strong>, <strong>Lokeren<\/strong> et <strong>Sint-Pieters-Leeuw<\/strong>. Une cinqui\u00e8me suivra \u00e0 <strong>Dendermonde<\/strong> le <strong>30 septembre<\/strong>, ce qui portera le r\u00e9seau \u00e0 <strong>49 magasins<\/strong> au 31 d\u00e9cembre. La barre symbolique des cinquante ne sera donc pas franchie cette ann\u00e9e, a indiqu\u00e9 \u00e0 RetailDetail <strong>Anrico Maat, directeur de Jumbo Belgique<\/strong>. La f\u00eate est report\u00e9e au d\u00e9but 2027. Le rythme reste soutenu pour une enseigne entr\u00e9e sur le march\u00e9 belge il y a moins de sept ans.<\/p>\n\n\n\n<h2 class=\"wp-block-heading has-primary-color has-text-color has-link-color wp-elements-3\">La franchisation du parc belge s&#8217;acc\u00e9l\u00e8re<\/h2>\n\n\n\n<p class=\"wp-block-paragraph\">L&#8217;ouverture de Mortsel prolonge un basculement engag\u00e9 cet \u00e9t\u00e9. En juillet, l&#8217;enseigne a annonc\u00e9 la cession de son magasin de <strong>Pelt<\/strong>, son tout premier en Belgique, aux entrepreneurs <strong>Ralf Jansen<\/strong> et <strong>Ren\u00e9 Puts<\/strong>, effective au <strong>19 octobre<\/strong>. Le duo exploite d\u00e9j\u00e0 Bree et Maasmechelen, plus un magasin \u00e0 Stramproy, juste de l&#8217;autre c\u00f4t\u00e9 de la fronti\u00e8re n\u00e9erlandaise : Pelt sera son troisi\u00e8me point de vente belge. Un profil de multi-franchis\u00e9 encore rare dans le commerce alimentaire flamand.<\/p>\n\n\n        <div class=\"lf-gut-franchise-slider-wrapper\" data-slider-id=\"lf-gut-franchise-slider-6a94d13b7adda\">\n            <div class=\"lf-gut-franchise-slider swiper\">\n                <div class=\"swiper-wrapper\">\n                                            <div class=\"swiper-slide lf-gut-franchise-card\">\n                            <div class=\"lf-gut-franchise-image-wrapper\">\n                                <img decoding=\"async\" src=\"https:\/\/lexpress-franchise.com\/wp-content\/uploads\/2026\/06\/mani-binocolo-su-sfondo-pesca.webp\" class=\"lf-gut-franchise-image\" alt=\"Jumbo\">\n                                                                    <div class=\"lf-gut-franchise-logo-center\">\n                                        <img decoding=\"async\" src=\"https:\/\/lexpress-franchise.com\/wp-content\/uploads\/2026\/08\/jumbo-texte-jaune-logo.png\" alt=\"Logo\">\n                                    <\/div>\n                                                            <\/div>\n                            <div class=\"lf-gut-franchise-content\">\n                                <div class=\"lf-gut-franchise-title-content\">\n                                    <div>\n                                        <a class=\"lf-gut-franchise-header-link\" href=\"https:\/\/lexpress-franchise.com\/fr-be\/franchise\/jumbo\/\">\n                                            <p class=\"lf-gut-franchise-title\">Jumbo<\/p>\n                                        <\/a>\n                                        <p class=\"lf-gut-franchise-tag-line\">Supermarch\u00e9<\/p>\n                                    <\/div>\n                                    <ul class=\"lf-gut-franchise-info-list\">\n                                        <li data-field=\"category\">\n                                            <span class=\"lf-gut-icon\"><?xml version=\"1.0\" encoding=\"UTF-8\"?> <svg xmlns=\"http:\/\/www.w3.org\/2000\/svg\" width=\"24\" height=\"24\" viewBox=\"0 0 24 24\" fill=\"none\"><path d=\"M12.5852 21.9314H4.92807C3.01378 21.9314 2.05664 20.9355 2.05664 18.9438V10.9771C2.05664 8.98542 3.01378 7.98957 4.92807 7.98957M12.5852 21.9314C10.6709 21.9314 9.71378 20.9355 9.71378 18.9438M12.5852 21.9314H18.3281C20.2424 21.9314 21.1995 20.9355 21.1995 18.9438V5.00205C21.1995 3.01037 20.2424 2.01453 18.3281 2.01453H12.5852C10.6709 2.01453 9.71378 3.01037 9.71378 5.00205M4.92807 7.98957H9.71378M4.92807 7.98957V5.99789C4.92807 4.90247 5.7895 4.00621 6.84235 4.00621H9.81905C9.74248 4.30496 9.71378 4.63359 9.71378 5.00205M9.71378 7.98957V18.9438M9.71378 7.98957V5.00205M9.71378 18.9438V5.00205M13.5424 7.98957V12.9688M17.3709 7.98957V12.9688M5.88521 12.9688V16.9521M16.4138 16.9521H14.4995C13.9731 16.9521 13.5424 17.4003 13.5424 17.948V21.9314H17.3709V17.948C17.3709 17.4003 16.9402 16.9521 16.4138 16.9521Z\" stroke=\"#E53B12\" stroke-width=\"1.5\" stroke-miterlimit=\"10\" stroke-linecap=\"round\" stroke-linejoin=\"round\"><\/path><\/svg> <\/span>Alimentation                                        <\/li>\n                                        <li data-field=\"locations\">\n                                            <span class=\"lf-gut-icon\"><?xml version=\"1.0\" encoding=\"UTF-8\"?> <svg xmlns=\"http:\/\/www.w3.org\/2000\/svg\" width=\"19\" height=\"22\" viewBox=\"0 0 19 22\" fill=\"none\"><path d=\"M9.62821 12.2473C11.2775 12.2473 12.6145 10.8563 12.6145 9.14032C12.6145 7.42435 11.2775 6.03329 9.62821 6.03329C7.97893 6.03329 6.64192 7.42435 6.64192 9.14032C6.64192 10.8563 7.97893 12.2473 9.62821 12.2473Z\" stroke=\"#E53B12\" stroke-width=\"1.5\"><\/path><path d=\"M1.60735 7.32788C3.49292 -1.29611 15.7731 -1.28615 17.6491 7.33784C18.7498 12.3967 15.7252 16.6788 13.0739 19.3278C11.1501 21.2597 8.10635 21.2597 6.17292 19.3278C3.53121 16.6788 0.506638 12.3868 1.60735 7.32788Z\" stroke=\"#E53B12\" stroke-width=\"1.5\"><\/path><\/svg> <\/span>49                                        <\/li>\n                                        <li data-field=\"contribution\">\n                                            <span class=\"lf-gut-icon\"><?xml version=\"1.0\" encoding=\"UTF-8\"?> <svg xmlns=\"http:\/\/www.w3.org\/2000\/svg\" width=\"24\" height=\"25\" viewBox=\"0 0 24 25\" fill=\"none\"><path d=\"M2.05664 9.19308H21.1995M5.88521 17.1598H7.7995M10.1924 17.1598H14.0209M6.30635 4.21387H16.9402C20.3476 4.21387 21.1995 5.09021 21.1995 8.58561V16.7615C21.1995 20.2569 20.3476 21.1332 16.9498 21.1332H6.30635C2.9085 21.1432 2.05664 20.2668 2.05664 16.7714V8.58561C2.05664 5.09021 2.9085 4.21387 6.30635 4.21387Z\" stroke=\"#E53B12\" stroke-width=\"1.5\" stroke-linecap=\"round\" stroke-linejoin=\"round\"><\/path><\/svg> <\/span>Apport personnel: 100000&nbsp;\u20ac                                        <\/li>\n                                                                            <\/ul>\n                                <\/div>\n                                <a class=\"lf-gut-franchise-button\" rel=\"follow\" href=\"https:\/\/lexpress-franchise.com\/fr-be\/franchise\/jumbo\/?demandedocumentation=1&#038;utm_source=media&#038;utm_campaign=cta-slider&#038;utm_medium=https:\/\/lexpress-franchise.com\/fr-be\/?p=1813557\">Je veux plus d\u2019infos !<\/a>\n                            <\/div>\n                        <\/div>\n                                                        <\/div>\n            <\/div>\n            <div class=\"lf-gut-franchise-slider-nav\">\n                <div class=\"swiper-button-prev\"><\/div>\n                <div class=\"swiper-button-next\"><\/div>\n            <\/div>\n        <\/div>\n        \n\n\n<h2 class=\"wp-block-heading has-primary-color has-text-color has-link-color wp-elements-4\">Aucun magasin au sud du pays, sept ans apr\u00e8s Pelt<\/h2>\n\n\n\n<p class=\"wp-block-paragraph\">Les 49 magasins attendus fin 2026 seront tous situ\u00e9s en Flandre. Pour un <a href=\"https:\/\/lexpress-franchise.com\/fr-be\/nos-franchises\/alimentation\/\" data-type=\"franchise_category\" data-id=\"961\" target=\"_blank\" rel=\"noreferrer noopener\">candidat franchis\u00e9 dans le secteur de l&#8217;alimentation<\/a> wallon ou bruxellois, l&#8217;enseigne reste hors d&#8217;atteinte, alors que la Belgique francophone concentre d\u00e9j\u00e0 une demande de reprise proche de la moiti\u00e9 du total national. Le d\u00e9s\u00e9quilibre n&#8217;est pas propre \u00e0 <strong>Jumbo<\/strong> : il traverse tout le secteur belge de la <a href=\"https:\/\/lexpress-franchise.com\/fr-be\/articles\/ouvrir-franchise-belgique\/\" data-type=\"post\" data-id=\"1813375\" target=\"_blank\" rel=\"noreferrer noopener\">franchise<\/a>.<\/p>\n\n\n<div class=\"lc-gut-blog-post-timeline\"><div class=\"lc-gut-blog-post-timeline__item\" style=\"--color: #e74c3c;\"><div class=\"lc-gut-blog-post-timeline__item-header\"><div class=\"lc-gut-blog-post-timeline__year\">34,7 %<\/div><p class=\"lc-gut-blog-post-timeline__item-heading\">La part wallonne du parc franchis\u00e9 belge<\/p><\/div><div class=\"lc-gut-blog-post-timeline__item-text\"><p>La <strong>Wallonie<\/strong> p\u00e8se 34,7&nbsp;% des points de vente franchis\u00e9s du pays, contre <strong>52,9&nbsp;%<\/strong> pour la Flandre et <strong>12,5&nbsp;%<\/strong> pour Bruxelles, sur un total de <strong>9.460 magasins<\/strong>. <em>(Source : \u00e9tude quantitative de la F\u00e9d\u00e9ration Belge de la Franchise et de GeoConsulting, 2022)<\/em><\/p><\/div><\/div><\/div>\n\n\n<h2 class=\"wp-block-heading has-primary-color has-text-color has-link-color wp-elements-5\">Deux signaux \u00e0 suivre d&#8217;ici la fin de l&#8217;ann\u00e9e<\/h2>\n\n\n\n<p class=\"wp-block-paragraph\">Deux \u00e9ch\u00e9ances m\u00e9ritent d&#8217;\u00eatre surveill\u00e9es. La reprise de Pelt par un duo d&#8217;exploitants ind\u00e9pendants, au <strong>19 octobre<\/strong>, dira si l&#8217;enseigne compte c\u00e9der d&#8217;autres magasins en propre \u00e0 des franchis\u00e9s confirm\u00e9s plut\u00f4t que recruter des profils neufs. L&#8217;ouverture de <strong>Dendermonde<\/strong>, le <strong>30 septembre<\/strong>, bouclera un exercice \u00e0 cinq inaugurations. <strong>Anrico Maat<\/strong> s&#8217;exprimera par ailleurs le <strong>16 septembre<\/strong> \u00e0 Bruxelles, lors de la soir\u00e9e professionnelle Captains of Retail organis\u00e9e par RetailDetail. L&#8217;occasion, peut-\u00eatre, d&#8217;entendre si le sud du pays entre enfin dans le plan.<\/p>\n","protected":false},"excerpt":{"rendered":"<p>Jumbo a inaugur\u00e9 mercredi son 48e supermarch\u00e9 belge \u00e0 Mortsel, en province d&#8217;Anvers, confi\u00e9 \u00e0 un franchis\u00e9 ind\u00e9pendant. L&#8217;enseigne n\u00e9erlandaise bouclera l&#8217;ann\u00e9e \u00e0 49 magasins et f\u00eatera le cinquanti\u00e8me d\u00e9but 2027. Sept ans apr\u00e8s son arriv\u00e9e, son parc belge reste int\u00e9gralement flamand. Le 48e magasin belge de Jumbo a ouvert ses portes mercredi matin \u00e0 [&hellip;]<\/p>\n","protected":false},"author":889,"featured_media":1813567,"comment_status":"closed","ping_status":"closed","sticky":false,"template":"","format":"standard","meta":{"_acf_changed":false,"_seopress_titles_title":"Jumbo ouvre son 48e magasin belge \u00e0 Mortsel","_seopress_titles_desc":"Jumbo a ouvert mercredi son 48e supermarch\u00e9 belge \u00e0 Mortsel, confi\u00e9 \u00e0 un franchis\u00e9 ind\u00e9pendant. Le r\u00e9seau visera les 50 magasins d\u00e9but 2027, tous en Flandre.","_seopress_robots_index":"","_seopress_robots_follow":"","_seopress_robots_imageindex":"","_seopress_robots_snippet":"","_seopress_robots_primary_cat":"","_seopress_robots_breadcrumbs":"","_seopress_robots_freeze_modified_date":"","_seopress_robots_custom_modified_date":"","_seopress_robots_canonical":"","_seopress_social_fb_title":"","_seopress_social_fb_desc":"","_seopress_social_fb_img":"","_seopress_social_fb_img_attachment_id":0,"_seopress_social_fb_img_width":0,"_seopress_social_fb_img_height":0,"_seopress_social_twitter_title":"","_seopress_social_twitter_desc":"","_seopress_social_twitter_img":"","_seopress_social_twitter_img_attachment_id":0,"_seopress_social_twitter_img_width":0,"_seopress_social_twitter_img_height":0,"_seopress_redirections_value":"","_seopress_redirections_enabled":"","_seopress_redirections_enabled_regex":"","_seopress_redirections_logged_status":"","_seopress_redirections_param":"","_seopress_redirections_type":0,"_seopress_analysis_target_kw":"","_seopress_news_disabled":"","_seopress_video_disabled":"","_seopress_video":[],"_seopress_pro_schemas_manual":[],"_seopress_pro_rich_snippets_disable_all":"","_seopress_pro_rich_snippets_disable":[],"_seopress_pro_schemas":[],"content-type":"","_relevanssi_hide_post":"","_relevanssi_hide_content":"","_relevanssi_pin_for_all":"","_relevanssi_pin_keywords":"","_relevanssi_unpin_keywords":"","_relevanssi_related_keywords":"","_relevanssi_related_include_ids":"","_relevanssi_related_exclude_ids":"","_relevanssi_related_no_append":"","_relevanssi_related_not_related":"","_relevanssi_related_posts":"1813375,149790,149756,225620,149687,146476","_relevanssi_noindex_reason":"","footnotes":""},"categories":[846,4501],"tags":[],"type-de-post":[2066],"class_list":["post-1813557","post","type-post","status-publish","format-standard","has-post-thumbnail","category-histoire-dentrepreneurs","category-entreprendre","type-de-post-articles-actualite"],"acf":[],"permalink_manager":null,"_links":{"self":[{"href":"https:\/\/lexpress-franchise.com\/fr-be\/wp-json\/wp\/v2\/posts\/1813557","targetHints":{"allow":["GET"]}}],"collection":[{"href":"https:\/\/lexpress-franchise.com\/fr-be\/wp-json\/wp\/v2\/posts"}],"about":[{"href":"https:\/\/lexpress-franchise.com\/fr-be\/wp-json\/wp\/v2\/types\/post"}],"author":[{"embeddable":true,"href":"https:\/\/lexpress-franchise.com\/fr-be\/wp-json\/wp\/v2\/users\/889"}],"replies":[{"embeddable":true,"href":"https:\/\/lexpress-franchise.com\/fr-be\/wp-json\/wp\/v2\/comments?post=1813557"}],"version-history":[{"count":2,"href":"https:\/\/lexpress-franchise.com\/fr-be\/wp-json\/wp\/v2\/posts\/1813557\/revisions"}],"predecessor-version":[{"id":1813565,"href":"https:\/\/lexpress-franchise.com\/fr-be\/wp-json\/wp\/v2\/posts\/1813557\/revisions\/1813565"}],"wp:featuredmedia":[{"embeddable":true,"href":"https:\/\/lexpress-franchise.com\/fr-be\/wp-json\/wp\/v2\/media\/1813567"}],"wp:attachment":[{"href":"https:\/\/lexpress-franchise.com\/fr-be\/wp-json\/wp\/v2\/media?parent=1813557"}],"wp:term":[{"taxonomy":"category","embeddable":true,"href":"https:\/\/lexpress-franchise.com\/fr-be\/wp-json\/wp\/v2\/categories?post=1813557"},{"taxonomy":"post_tag","embeddable":true,"href":"https:\/\/lexpress-franchise.com\/fr-be\/wp-json\/wp\/v2\/tags?post=1813557"},{"taxonomy":"type-de-post","embeddable":true,"href":"https:\/\/lexpress-franchise.com\/fr-be\/wp-json\/wp\/v2\/type-de-post?post=1813557"}],"curies":[{"name":"wp","href":"https:\/\/api.w.org\/{rel}","templated":true}]}}