{"id":1611549,"date":"2026-03-31T08:57:12","date_gmt":"2026-03-31T06:57:12","guid":{"rendered":"https:\/\/lexpress-franchise.com\/de\/aktuelles\/obi-startet-franchise-schub-15-neue-maerkte-bis-mitte-2026\/"},"modified":"2026-03-30T16:02:07","modified_gmt":"2026-03-30T14:02:07","slug":"obi-startet-franchise-schub-15-neue-maerkte-bis-mitte-2026","status":"publish","type":"post","link":"https:\/\/lexpress-franchise.com\/de\/aktuelles\/obi-startet-franchise-schub-15-neue-maerkte-bis-mitte-2026\/","title":{"rendered":"OBI startet Franchise-Schub: 15 neue M\u00e4rkte bis Mitte 2026"},"content":{"rendered":"\n<p>OBI setzt verst\u00e4rkt auf Franchising: Gemeinsam mit f\u00fcnf Franchisepartnern werden in der ersten H\u00e4lfte 2026 insgesamt 15 neue M\u00e4rkte in Deutschland er\u00f6ffnet. Ziel ist es, die Marke als erste Anlaufstelle f\u00fcr alles rund ums Zuhause und den Garten in Europa weiter zu st\u00e4rken.<\/p>\n\n\n\n<h2 class=\"wp-block-heading\">Franchise als Wachstumstreiber<\/h2>\n\n\n\n<p>Seit der Gr\u00fcndung setzt OBI auf eine Mischung aus zentral gef\u00fchrten M\u00e4rkten und Franchise-Standorten, die von lokalen Unternehmern betrieben werden. Dieses <a href=\"https:\/\/lexpress-franchise.com\/de\/artikel\/was-ist-ein-franchise\/\">Franchise-Modell<\/a> ist ein zentraler Baustein der von CEO Dr. Sebastian Gundel 2022 gestarteten Zukunftsstrategie. Mit \u00fcber 130.000 Quadratmetern neuer Verkaufsfl\u00e4che realisiert OBI gemeinsam mit seinem <a href=\"https:\/\/lexpress-franchise.com\/de\/unsere-franchises\/\">Franchise-Netzwerk<\/a> im ersten Halbjahr 2026 das gr\u00f6\u00dfte Wachstum in der Unternehmensgeschichte.<\/p>\n\n\n\n<h2 class=\"wp-block-heading\">Starke Partner f\u00fcr regionale Pr\u00e4senz<\/h2>\n\n\n\n<p>Dr. Urszula Nartowska, Chief People and Organizational Development Officer, erkl\u00e4rt:<br>\u201eWir freuen uns, die Franchisepartner in der OBI-Familie willkommen zu hei\u00dfen, die Menschen in ihren Regionen seit vielen Jahren bei ihren Projekten unterst\u00fctzen. Gemeinsam teilen wir die \u00dcberzeugung, dass wir durch Partnerschaft wachsen und unseren Kunden die besten M\u00f6glichkeiten bieten, ihr Zuhause ganz besonders zu gestalten.\u201c<\/p>\n\n\n\n<h2 class=\"wp-block-heading\">Integration und Umgestaltung der Franchise-Standorte<\/h2>\n\n\n\n<p>Ab Januar 2026 werden die neuen Franchise-M\u00e4rkte in das OBI-\u00d6kosystem integriert und schrittweise umgestaltet. Die M\u00e4rkte bleiben w\u00e4hrend der \u00dcbergangsphase ge\u00f6ffnet. Offiziell er\u00f6ffnet werden die neugestalteten Standorte mit dem vollst\u00e4ndigen OBI-Sortiment und Services am 9. M\u00e4rz 2026.<\/p>\n\n\n\n<h2 class=\"wp-block-heading\">Highlight: Neuer Franchise-Markt in M\u00fchlacker<\/h2>\n\n\n\n<p>Ein besonders gro\u00dfer Markt entsteht in M\u00fchlacker bei Pforzheim. Betrieben von Bergle &amp; Co. GmbH und errichtet von Kirschbaum Immobilien GmbH, umfasst der neue Markt \u00fcber 9.000 Quadratmeter. Mit begr\u00fcntem Dach, Photovoltaikanlage und energieeffizienter D\u00e4mmung f\u00fcgt er sich perfekt in das nachhaltige, urbane Konzept des Stadtteils Ziegelh\u00f6he ein.<\/p>\n\n\n\n<h2 class=\"wp-block-heading\">Neue Franchise-Standorte und Er\u00f6ffnungsdaten<\/h2>\n\n\n\n<h3 class=\"wp-block-heading\">Bergle &amp; Co. GmbH<\/h3>\n\n\n\n<p>M\u00fchlacker, Vetterstr. 19 \/\/ 2. Jan 2026<\/p>\n\n\n\n<h3 class=\"wp-block-heading\"><strong>C. Ebel Gruppe<\/strong><\/h3>\n\n\n\n<ul class=\"wp-block-list\">\n<li>Gifhorn, Im Paulsumpf 3 \/\/ 3. Feb 2026<\/li>\n\n\n\n<li>Peine, Lehmkuhlenweg 72 \/\/ 30. Juni 2026<\/li>\n<\/ul>\n\n\n\n<h3 class=\"wp-block-heading\">C. J. Wigger oHG<\/h3>\n\n\n\n<ul class=\"wp-block-list\">\n<li>Eutin, Industriestr. 12 \/\/ 3. Jan 2026<\/li>\n\n\n\n<li>Neum\u00fcnster 1, Boosstedter Str. 299-301 \/\/ 3. Jan 2026<\/li>\n\n\n\n<li>Neum\u00fcnster 2, Kieler Str. 399-413 \/\/ 3. Jan 2026<\/li>\n<\/ul>\n\n\n\n<h3 class=\"wp-block-heading\">Stammelbach Karl Kr\u00fcger GmbH &amp; Co. KG<\/h3>\n\n\n\n<ul class=\"wp-block-list\">\n<li>Alfeld, Limmerburg 7 \/\/ 3. Jan 2026<\/li>\n\n\n\n<li>Hildesheim 2, Im Mittelfeld 3 \/\/ 3. Jan 2026<\/li>\n\n\n\n<li>Holzminden, Zeppelinstr. 30 \/\/ 3. Jan 2026<\/li>\n\n\n\n<li>Quedlinburg-Gernrode, Auf den Steinen 20 \/\/ 3. Jan 2026<\/li>\n\n\n\n<li>Ronnenberg-Empelde, In der Beschen 20 \/\/ 3. Jan 2026<\/li>\n\n\n\n<li>Sarstedt, Am Teinkamp 11 \/\/ 3. Jan 2026<\/li>\n\n\n\n<li>Seesen, Bahnhofstr. 14 \/\/ 3. Jan 2026<\/li>\n<\/ul>\n\n\n\n<h3 class=\"wp-block-heading\">THIES &amp; Co. GmbH<\/h3>\n\n\n\n<ul class=\"wp-block-list\">\n<li>Hoya, B\u00fccker Str. 30-32 \/\/ 3. Jan 2026<\/li>\n\n\n\n<li>Verden a.d. Aller, Gro\u00df Hutberger Str. 1 \/\/ 3. Jan 2026<\/li>\n<\/ul>\n\n\n\n<p><\/p>\n","protected":false},"excerpt":{"rendered":"<p>OBI setzt verst\u00e4rkt auf Franchising: Gemeinsam mit f\u00fcnf Franchisepartnern werden in der ersten H\u00e4lfte 2026 insgesamt 15 neue M\u00e4rkte in Deutschland er\u00f6ffnet. Ziel ist es, die Marke als erste Anlaufstelle f\u00fcr alles rund ums Zuhause und den Garten in Europa weiter zu st\u00e4rken. Franchise als Wachstumstreiber Seit der Gr\u00fcndung setzt OBI auf eine Mischung aus [&hellip;]<\/p>\n","protected":false},"author":788,"featured_media":1611570,"comment_status":"closed","ping_status":"closed","sticky":false,"template":"","format":"standard","meta":{"_acf_changed":false,"_seopress_robots_primary_cat":"none","_seopress_titles_title":"OBI startet Franchise-Schub mit 15 neuen M\u00e4rkten in 2026","_seopress_titles_desc":"OBI baut Franchise in Deutschland aus: 15 neue M\u00e4rkte bis Mitte 2026 geplant unter anderem in Gifhorn, Neum\u00fcnster, Alfeld.","_seopress_robots_index":"","content-type":"","_relevanssi_hide_post":"","_relevanssi_hide_content":"","_relevanssi_pin_for_all":"","_relevanssi_pin_keywords":"","_relevanssi_unpin_keywords":"","_relevanssi_related_keywords":"","_relevanssi_related_include_ids":"","_relevanssi_related_exclude_ids":"","_relevanssi_related_no_append":"","_relevanssi_related_not_related":"","_relevanssi_related_posts":"1528955,1540738,1605444,1528920,1540740,1563434","_relevanssi_noindex_reason":"","footnotes":""},"categories":[3757,3759],"tags":[],"type-de-post":[2066],"class_list":{"0":"post-1611549","1":"post","2":"type-post","3":"status-publish","4":"format-standard","5":"has-post-thumbnail","7":"category-netzwerke","8":"category-wachstum","9":"type-de-post-articles-actualite"},"acf":[],"_links":{"self":[{"href":"https:\/\/lexpress-franchise.com\/de\/wp-json\/wp\/v2\/posts\/1611549","targetHints":{"allow":["GET"]}}],"collection":[{"href":"https:\/\/lexpress-franchise.com\/de\/wp-json\/wp\/v2\/posts"}],"about":[{"href":"https:\/\/lexpress-franchise.com\/de\/wp-json\/wp\/v2\/types\/post"}],"author":[{"embeddable":true,"href":"https:\/\/lexpress-franchise.com\/de\/wp-json\/wp\/v2\/users\/788"}],"replies":[{"embeddable":true,"href":"https:\/\/lexpress-franchise.com\/de\/wp-json\/wp\/v2\/comments?post=1611549"}],"version-history":[{"count":5,"href":"https:\/\/lexpress-franchise.com\/de\/wp-json\/wp\/v2\/posts\/1611549\/revisions"}],"predecessor-version":[{"id":1628348,"href":"https:\/\/lexpress-franchise.com\/de\/wp-json\/wp\/v2\/posts\/1611549\/revisions\/1628348"}],"wp:featuredmedia":[{"embeddable":true,"href":"https:\/\/lexpress-franchise.com\/de\/wp-json\/wp\/v2\/media\/1611570"}],"wp:attachment":[{"href":"https:\/\/lexpress-franchise.com\/de\/wp-json\/wp\/v2\/media?parent=1611549"}],"wp:term":[{"taxonomy":"category","embeddable":true,"href":"https:\/\/lexpress-franchise.com\/de\/wp-json\/wp\/v2\/categories?post=1611549"},{"taxonomy":"post_tag","embeddable":true,"href":"https:\/\/lexpress-franchise.com\/de\/wp-json\/wp\/v2\/tags?post=1611549"},{"taxonomy":"type-de-post","embeddable":true,"href":"https:\/\/lexpress-franchise.com\/de\/wp-json\/wp\/v2\/type-de-post?post=1611549"}],"curies":[{"name":"wp","href":"https:\/\/api.w.org\/{rel}","templated":true}]}}